{"id":7575,"date":"2026-07-27T11:26:21","date_gmt":"2026-07-27T11:26:21","guid":{"rendered":"https:\/\/arimunani.com\/?p=7575"},"modified":"2026-08-10T15:09:51","modified_gmt":"2026-08-10T15:09:51","slug":"acompanyament-emocional-a-lescola","status":"publish","type":"post","link":"https:\/\/arimunani.com\/ca\/el-far\/acompanyament-emocional-a-lescola\/","title":{"rendered":"Acompanyament emocional a l\u2019escola"},"content":{"rendered":"\n<h2 class=\"wp-block-heading\"> La hist\u00f2ria d\u2019en Nico despr\u00e9s d\u2019Arimunani<\/h2>\n\n<p class=\"wp-block-paragraph\">Hi ha hist\u00f2ries que ajuden a entendre qu\u00e8 significa l\u2019acompanyament emocional a l\u2019escola millor que qualsevol explicaci\u00f3 pedag\u00f2gica. Hist\u00f2ries que no parlen nom\u00e9s de metodologies, assignatures o resultats, sin\u00f3 d\u2019alguna cosa m\u00e9s profunda: com se sent un infant dins un lloc, com es mira a si mateix i qu\u00e8 s\u2019enduu quan arriba el moment d\u2019emprendre un altre cam\u00ed.<br\/>La hist\u00f2ria d\u2019en Nico i la seva fam\u00edlia forma part d\u2019El Faro, el nostre espai per compartir experi\u00e8ncies que inspiren el cam\u00ed de l\u2019educaci\u00f3.<br\/>En Nico va arribar a <a href=\"https:\/\/arimunani.com\/ca\/educacio-primaria\/\" target=\"_blank\" rel=\"noopener\">Arimunani a quart de prim\u00e0ria<\/a>, despr\u00e9s d\u2019haver passat per un altre col\u00b7legi. Va estar amb nosaltres fins a primer d\u2019ESO i, m\u00e9s endavant, va decidir canviar-se a un altre centre. Avui, amb 14 anys, mira enrere amb naturalitat, agra\u00efment i una claredat que emociona.   <\/p>\n\n<p class=\"has-medium-font-size wp-block-paragraph\"><strong>\u00abEn Nico era un nin s\u00faper insegur, no s\u2019atrevia a res.\u00bb &#8211; Mare d\u2019en Nico<\/strong><\/p>\n\n<figure class=\"wp-block-image\"><img decoding=\"async\" src=\"https:\/\/arimunani.com\/wp-content\/uploads\/2026\/07\/Acompanamiento-emocional-en-la-escuela-La-madre-de-Nico-1024x576.png\" alt=\"acompa&#xF1;amiento emocional en la escuela en Mallorca - autoestima y confianza\"\/><\/figure>\n\n<h2 class=\"wp-block-heading\">El valor de sentir-se vist i reconegut en una escola respectuosa<br\/>\n<\/h2>\n\n<p class=\"wp-block-paragraph\">En les primeres etapes d\u2019Arimunani, l\u2019acompanyament emocional comen\u00e7a per mirar amb atenci\u00f3: veure qu\u00e8 necessita cada infant, fins i tot quan encara no sap expressar-ho. <br\/>En entrar en un entorn d\u2019aprenentatge viu, en Nico va anar rebent una confian\u00e7a profunda que el va ajudar a recon\u00e8ixer-se, a sentir-se capa\u00e7 i a entendre que tenia un lloc propi en el m\u00f3n. Durant els seus anys de Prim\u00e0ria, el dia a dia es va centrar a ajudar-lo a descobrir el seu potencial, despertant els seus talents a trav\u00e9s de l\u2019experi\u00e8ncia i el joc connectat, i construint una seguretat s\u00f2lida des de dins.  <br\/>La seva mare explica que aquesta transformaci\u00f3 va marcar per complet la seva manera d\u2019estar, d\u2019aprendre i de relacionar-se amb ell mateix. En Nico, per la seva banda, recorda aquella \u00e8poca com una etapa feli\u00e7, plena d\u2019amics i d\u2019un dia a dia en qu\u00e8 se sentia plenament content. <\/p>\n\n<h2 class=\"wp-block-heading\">El moment d\u2019escoltar-se a un mateix<\/h2>\n\n<p class=\"wp-block-paragraph\">Amb l&#8217;arribada de l&#8217;adolesc\u00e8ncia i el pas a la Secund\u00e0ria, el desenvolupament dona un gir natural. \u00c9s una etapa en la qual els alumnes necessiten autoafirmar-se, perdre la por d&#8217;opinar i, sobretot, aprendre a <b>al\u00e7ar la seva pr\u00f2pia veu<\/b> per a expressar el que senten i necessiten. La hist\u00f2ria de Nico \u00e9s un reflex preci\u00f3s d&#8217;aquest proc\u00e9s de maduraci\u00f3.   <\/p>\n\n<p class=\"wp-block-paragraph\">Com que l\u2019aprenentatge a Arimunani passa a trav\u00e9s de projectes integrats i d\u2019una manera molt org\u00e0nica, va arribar un moment a l\u2019ESO en qu\u00e8 en Nico \u2014que madurava i cercava nous reptes personals\u2014 va sentir la curiositat de mesurar les seves forces en un format diferent.<\/p>\n\n<p class=\"has-medium-font-size wp-block-paragraph\"><strong>\u00abPensava que no aprenia res a Arimunani i em sentia un poc malament de no fer res.\u00bb &#8211; Nico<\/strong><\/p>\n\n<p class=\"wp-block-paragraph\">Aquesta inquietud, lluny de ser un fre, va ser la prova que en Nico havia apr\u00e8s a escoltar-se i a prendre les seves pr\u00f2pies decisions amb valentia. El canvi d\u2019escola no va n\u00e9ixer d\u2019una pressi\u00f3 externa, sin\u00f3 de la seva pr\u00f2pia necessitat de comprovar el seu avan\u00e7 acad\u00e8mic en un entorn tradicional, fer ex\u00e0mens i posar-se a prova. La seva mare el va escoltar, i l\u2019equip de l\u2019escola tamb\u00e9, acompanyant aquesta transici\u00f3 amb el respecte i la naturalitat que mereixia.   <\/p>\n\n<figure class=\"wp-block-image\"><img decoding=\"async\" src=\"https:\/\/arimunani.com\/wp-content\/uploads\/2026\/07\/Acompanamiento-emocional-en-la-escuela-Historia-de-Nico-en-Arimunani-2-1024x573.png\" alt=\"Acompa&#xF1;amiento emocional en la escuela en Mallorca - experiencia en Arimunani\"\/><\/figure>\n\n<h2 class=\"wp-block-heading\">Una base educativa s\u00f2lida que vola alt<\/h2>\n\n<p class=\"wp-block-paragraph\">Finalment, en Nico es va canviar de centre i va passar a una escola amb una metodologia m\u00e9s tradicional, amb din\u00e0miques basades en ex\u00e0mens i avaluaci\u00f3 cont\u00ednua. En arribar, en Nico va demostrar que estava completament preparat.  <\/p>\n\n<p class=\"wp-block-paragraph\">Una de les grans preguntes que moltes fam\u00edlies es fan quan coneixen una escola activa i respectuosa \u00e9s aquesta: qu\u00e8 passar\u00e0 despr\u00e9s?<\/p>\n\n<p class=\"wp-block-paragraph\"><i>Qu\u00e8 passar\u00e0 si el meu fill o filla canvia a un altre centre? <\/i><\/p>\n\n<p class=\"wp-block-paragraph\"><i>Tendr\u00e0 nivell? <\/i><\/p>\n\n<p class=\"wp-block-paragraph\"><i>Sabr\u00e0 adaptar-se? <\/i><\/p>\n\n<p class=\"wp-block-paragraph\"><i>Estar\u00e0 preparat per als ex\u00e0mens, els deures i el ritme acad\u00e8mic?<\/i><\/p>\n\n<p class=\"wp-block-paragraph\">L\u2019experi\u00e8ncia d\u2019en Nico ofereix una mirada valuosa per respondre a aquestes preguntes.<\/p>\n\n<p class=\"wp-block-paragraph\">A en Nico li va anar b\u00e9 en totes les assignatures; es va sentir fort, aut\u00f2nom i adaptat. Els seus primers ex\u00e0mens varen ser excel\u00b7lents, i confirmaven que la base cognitiva i acad\u00e8mica estava perfectament constru\u00efda.  <\/p>\n\n<p class=\"has-medium-font-size wp-block-paragraph\"><strong>\u00abJo crec que la base educativa a Arimunani \u00e9s molt, molt forta.\u00bb &#8211; Mare d\u2019en Nico <\/strong><\/p>\n\n<p class=\"wp-block-paragraph\">Una de les seves primeres notes va ser un 10. M\u00e9s enll\u00e0 de la qualificaci\u00f3, l\u2019important era all\u00f2 que confirmava: que tot el que havia viscut a Arimunani no havia estat una pausa en l\u2019aprenentatge, sin\u00f3 una manera molt m\u00e9s s\u00f2lida d\u2019integrar-lo per sempre. Una base vinculada a la neuroeducaci\u00f3, la const\u00e0ncia, l\u2019h\u00e0bit de fer i una confian\u00e7a interna que sost\u00e9 tota la resta.   <\/p>\n\n<p class=\"has-medium-font-size wp-block-paragraph\"><strong>\u00abAquesta frase en Nico l\u2019ha interioritzada absolutament: si vols, pots.\u00bb &#8211; Mare d\u2019en Nico<\/strong><\/p>\n\n<p class=\"wp-block-paragraph\">Educar va molt m\u00e9s enll\u00e0 de memoritzar continguts per a un divendres. \u00c9s donar-los eines perqu\u00e8 s\u00e0piguen que poden, perqu\u00e8 s\u2019atreveixin, perqu\u00e8 s\u2019equivoquin sense enfonsar-se i perqu\u00e8 tenguin recursos amb els quals sortir al m\u00f3n des de la seva pr\u00f2pia ess\u00e8ncia. Avui, en Nico vola segur, amb un nivell excel\u00b7lent i, sobretot, amb la confian\u00e7a de saber qui \u00e9s.   <\/p>\n\n<h2 class=\"wp-block-heading\">La hist\u00f2ria completa d\u2019en Nico i la seva fam\u00edlia a Arimunani<\/h2>\n\n<p class=\"wp-block-paragraph\">En aquestes entrevistes, en Nico i la seva mare comparteixen en primera persona com varen viure el seu pas per Arimunani i com va ser l\u2019adaptaci\u00f3 posterior. Una conversa sobre educaci\u00f3, confian\u00e7a i acompanyament emocional que pot ajudar altres fam\u00edlies a Mallorca a fer el pas.  <\/p>\n\n<p class=\"wp-block-paragraph\"><iframe title=\"Acompa\u00f1amiento emocional en la escuela: la historia de Nico [Parte 1] | Arimunani\" width=\"1060\" height=\"596\" src=\"https:\/\/www.youtube.com\/embed\/Yq77UuKjW2U?feature=oembed\" frameborder=\"0\" allow=\"accelerometer; autoplay; clipboard-write; encrypted-media; gyroscope; picture-in-picture; web-share\" referrerpolicy=\"strict-origin-when-cross-origin\" allowfullscreen><\/iframe><\/p>\n\n<p class=\"wp-block-paragraph\"><iframe title=\"Acompa\u00f1amiento emocional en la escuela: la historia de Nico [Parte 2] | Arimunani\" width=\"1060\" height=\"596\" src=\"https:\/\/www.youtube.com\/embed\/rF_pIQ5BXh8?feature=oembed\" frameborder=\"0\" allow=\"accelerometer; autoplay; clipboard-write; encrypted-media; gyroscope; picture-in-picture; web-share\" referrerpolicy=\"strict-origin-when-cross-origin\" allowfullscreen><\/iframe><\/p>\n","protected":false},"excerpt":{"rendered":"<p>La hist\u00f2ria d\u2019en Nico mostra com l\u2019acompanyament emocional a l\u2019escola ajuda a cr\u00e9ixer amb confian\u00e7a i seguretat.<\/p>\n","protected":false},"author":2,"featured_media":7510,"comment_status":"closed","ping_status":"closed","sticky":false,"template":"","format":"standard","meta":{"_acf_changed":false,"footnotes":""},"categories":[87],"tags":[82,81],"class_list":["post-7575","post","type-post","status-publish","format-standard","has-post-thumbnail","hentry","category-el-far","tag-acompanyament-emocional","tag-escola-respectuosa"],"acf":[],"yoast_head":"<!-- This site is optimized with the Yoast SEO plugin v28.1 - https:\/\/yoast.com\/product\/yoast-seo-wordpress\/ -->\n<title>Acompanyament emocional a l\u2019escola: la hist\u00f2ria d\u2019en Nico | Arimunani<\/title>\n<meta name=\"description\" content=\"La hist\u00f2ria d\u2019en Nico mostra com l\u2019acompanyament emocional a l\u2019escola ajuda a cr\u00e9ixer amb confian\u00e7a i seguretat.\" \/>\n<meta name=\"robots\" content=\"index, follow, max-snippet:-1, max-image-preview:large, max-video-preview:-1\" \/>\n<link rel=\"canonical\" href=\"https:\/\/arimunani.com\/ca\/el-far\/acompanyament-emocional-a-lescola\/\" \/>\n<meta property=\"og:locale\" content=\"ca_ES\" \/>\n<meta property=\"og:type\" content=\"article\" \/>\n<meta property=\"og:title\" content=\"Acompanyament emocional a l\u2019escola: la hist\u00f2ria d\u2019en Nico | Arimunani\" \/>\n<meta property=\"og:description\" content=\"La hist\u00f2ria d\u2019en Nico mostra com l\u2019acompanyament emocional a l\u2019escola ajuda a cr\u00e9ixer amb confian\u00e7a i seguretat.\" \/>\n<meta property=\"og:url\" content=\"https:\/\/arimunani.com\/ca\/el-far\/acompanyament-emocional-a-lescola\/\" \/>\n<meta property=\"og:site_name\" content=\"Arimunani \u00b7 Escola \u00b7 Colegio \u00b7 School\" \/>\n<meta property=\"article:published_time\" content=\"2026-07-27T11:26:21+00:00\" \/>\n<meta property=\"article:modified_time\" content=\"2026-08-10T15:09:51+00:00\" \/>\n<meta property=\"og:image\" content=\"https:\/\/arimunani.com\/wp-content\/uploads\/2026\/07\/Acompanamiento-emocional-en-la-escuela-Historia-de-Nico-en-Arimunani-1.png\" \/>\n\t<meta property=\"og:image:width\" content=\"1675\" \/>\n\t<meta property=\"og:image:height\" content=\"939\" \/>\n\t<meta property=\"og:image:type\" content=\"image\/png\" \/>\n<meta name=\"author\" content=\"Carmen\" \/>\n<meta name=\"twitter:card\" content=\"summary_large_image\" \/>\n<meta name=\"twitter:label1\" content=\"Escrit per\" \/>\n\t<meta name=\"twitter:data1\" content=\"Carmen\" \/>\n\t<meta name=\"twitter:label2\" content=\"Temps estimat de lectura\" \/>\n\t<meta name=\"twitter:data2\" content=\"5 minuts\" \/>\n<script type=\"application\/ld+json\" class=\"yoast-schema-graph\">{\"@context\":\"https:\\\/\\\/schema.org\",\"@graph\":[{\"@type\":\"Article\",\"@id\":\"https:\\\/\\\/arimunani.com\\\/ca\\\/el-far\\\/acompanyament-emocional-a-lescola\\\/#article\",\"isPartOf\":{\"@id\":\"https:\\\/\\\/arimunani.com\\\/ca\\\/el-far\\\/acompanyament-emocional-a-lescola\\\/\"},\"author\":{\"name\":\"Carmen\",\"@id\":\"https:\\\/\\\/arimunani.com\\\/#\\\/schema\\\/person\\\/49955eb8cdbe32691bbeaba4bb64abc0\"},\"headline\":\"Acompanyament emocional a l\u2019escola\",\"datePublished\":\"2026-07-27T11:26:21+00:00\",\"dateModified\":\"2026-08-10T15:09:51+00:00\",\"mainEntityOfPage\":{\"@id\":\"https:\\\/\\\/arimunani.com\\\/ca\\\/el-far\\\/acompanyament-emocional-a-lescola\\\/\"},\"wordCount\":1006,\"publisher\":{\"@id\":\"https:\\\/\\\/arimunani.com\\\/#organization\"},\"image\":{\"@id\":\"https:\\\/\\\/arimunani.com\\\/ca\\\/el-far\\\/acompanyament-emocional-a-lescola\\\/#primaryimage\"},\"thumbnailUrl\":\"https:\\\/\\\/arimunani.com\\\/wp-content\\\/uploads\\\/2026\\\/07\\\/Acompanamiento-emocional-en-la-escuela-Historia-de-Nico-en-Arimunani-1.png\",\"keywords\":[\"acompanyament emocional\",\"escola respectuosa\"],\"articleSection\":[\"El far\"],\"inLanguage\":\"ca\"},{\"@type\":\"WebPage\",\"@id\":\"https:\\\/\\\/arimunani.com\\\/ca\\\/el-far\\\/acompanyament-emocional-a-lescola\\\/\",\"url\":\"https:\\\/\\\/arimunani.com\\\/ca\\\/el-far\\\/acompanyament-emocional-a-lescola\\\/\",\"name\":\"Acompanyament emocional a l\u2019escola: la hist\u00f2ria d\u2019en Nico | Arimunani\",\"isPartOf\":{\"@id\":\"https:\\\/\\\/arimunani.com\\\/#website\"},\"primaryImageOfPage\":{\"@id\":\"https:\\\/\\\/arimunani.com\\\/ca\\\/el-far\\\/acompanyament-emocional-a-lescola\\\/#primaryimage\"},\"image\":{\"@id\":\"https:\\\/\\\/arimunani.com\\\/ca\\\/el-far\\\/acompanyament-emocional-a-lescola\\\/#primaryimage\"},\"thumbnailUrl\":\"https:\\\/\\\/arimunani.com\\\/wp-content\\\/uploads\\\/2026\\\/07\\\/Acompanamiento-emocional-en-la-escuela-Historia-de-Nico-en-Arimunani-1.png\",\"datePublished\":\"2026-07-27T11:26:21+00:00\",\"dateModified\":\"2026-08-10T15:09:51+00:00\",\"description\":\"La hist\u00f2ria d\u2019en Nico mostra com l\u2019acompanyament emocional a l\u2019escola ajuda a cr\u00e9ixer amb confian\u00e7a i seguretat.\",\"breadcrumb\":{\"@id\":\"https:\\\/\\\/arimunani.com\\\/ca\\\/el-far\\\/acompanyament-emocional-a-lescola\\\/#breadcrumb\"},\"inLanguage\":\"ca\",\"potentialAction\":[{\"@type\":\"ReadAction\",\"target\":[\"https:\\\/\\\/arimunani.com\\\/ca\\\/el-far\\\/acompanyament-emocional-a-lescola\\\/\"]}]},{\"@type\":\"ImageObject\",\"inLanguage\":\"ca\",\"@id\":\"https:\\\/\\\/arimunani.com\\\/ca\\\/el-far\\\/acompanyament-emocional-a-lescola\\\/#primaryimage\",\"url\":\"https:\\\/\\\/arimunani.com\\\/wp-content\\\/uploads\\\/2026\\\/07\\\/Acompanamiento-emocional-en-la-escuela-Historia-de-Nico-en-Arimunani-1.png\",\"contentUrl\":\"https:\\\/\\\/arimunani.com\\\/wp-content\\\/uploads\\\/2026\\\/07\\\/Acompanamiento-emocional-en-la-escuela-Historia-de-Nico-en-Arimunani-1.png\",\"width\":1675,\"height\":939,\"caption\":\"Acompa\u00f1amiento emocional en la escuela en Mallorca - escuela respetuosa\"},{\"@type\":\"BreadcrumbList\",\"@id\":\"https:\\\/\\\/arimunani.com\\\/ca\\\/el-far\\\/acompanyament-emocional-a-lescola\\\/#breadcrumb\",\"itemListElement\":[{\"@type\":\"ListItem\",\"position\":1,\"name\":\"Portada\",\"item\":\"https:\\\/\\\/arimunani.com\\\/ca\\\/\"},{\"@type\":\"ListItem\",\"position\":2,\"name\":\"Acompanyament emocional a l\u2019escola\"}]},{\"@type\":\"WebSite\",\"@id\":\"https:\\\/\\\/arimunani.com\\\/#website\",\"url\":\"https:\\\/\\\/arimunani.com\\\/\",\"name\":\"Arimunani \u00b7 Escola \u00b7 Colegio \u00b7 School\",\"description\":\"Arimunani \u00e9s una escola que ofereix una formaci\u00f3 humana i no invasiva, que fomenta identificar i potenciar els talents de cada nin i cada nina.\",\"publisher\":{\"@id\":\"https:\\\/\\\/arimunani.com\\\/#organization\"},\"potentialAction\":[{\"@type\":\"SearchAction\",\"target\":{\"@type\":\"EntryPoint\",\"urlTemplate\":\"https:\\\/\\\/arimunani.com\\\/?s={search_term_string}\"},\"query-input\":{\"@type\":\"PropertyValueSpecification\",\"valueRequired\":true,\"valueName\":\"search_term_string\"}}],\"inLanguage\":\"ca\"},{\"@type\":\"Organization\",\"@id\":\"https:\\\/\\\/arimunani.com\\\/#organization\",\"name\":\"Arimunani \u00b7 Escola \u00b7 Colegio \u00b7 School\",\"url\":\"https:\\\/\\\/arimunani.com\\\/\",\"logo\":{\"@type\":\"ImageObject\",\"inLanguage\":\"ca\",\"@id\":\"https:\\\/\\\/arimunani.com\\\/#\\\/schema\\\/logo\\\/image\\\/\",\"url\":\"https:\\\/\\\/arimunani.com\\\/wp-content\\\/uploads\\\/2024\\\/08\\\/logo-arimunani-little.png\",\"contentUrl\":\"https:\\\/\\\/arimunani.com\\\/wp-content\\\/uploads\\\/2024\\\/08\\\/logo-arimunani-little.png\",\"width\":500,\"height\":203,\"caption\":\"Arimunani \u00b7 Escola \u00b7 Colegio \u00b7 School\"},\"image\":{\"@id\":\"https:\\\/\\\/arimunani.com\\\/#\\\/schema\\\/logo\\\/image\\\/\"}},{\"@type\":\"Person\",\"@id\":\"https:\\\/\\\/arimunani.com\\\/#\\\/schema\\\/person\\\/49955eb8cdbe32691bbeaba4bb64abc0\",\"name\":\"Carmen\",\"image\":{\"@type\":\"ImageObject\",\"inLanguage\":\"ca\",\"@id\":\"https:\\\/\\\/secure.gravatar.com\\\/avatar\\\/e2c95ed6c2437fbe9ffabf159e51d7955a66af8c71051ba654cefc0f7ea1755f?s=96&d=mm&r=g\",\"url\":\"https:\\\/\\\/secure.gravatar.com\\\/avatar\\\/e2c95ed6c2437fbe9ffabf159e51d7955a66af8c71051ba654cefc0f7ea1755f?s=96&d=mm&r=g\",\"contentUrl\":\"https:\\\/\\\/secure.gravatar.com\\\/avatar\\\/e2c95ed6c2437fbe9ffabf159e51d7955a66af8c71051ba654cefc0f7ea1755f?s=96&d=mm&r=g\",\"caption\":\"Carmen\"},\"url\":\"https:\\\/\\\/arimunani.com\\\/ca\\\/author\\\/carmen\\\/\"}]}<\/script>\n<!-- \/ Yoast SEO plugin. -->","yoast_head_json":{"title":"Acompanyament emocional a l\u2019escola: la hist\u00f2ria d\u2019en Nico | Arimunani","description":"La hist\u00f2ria d\u2019en Nico mostra com l\u2019acompanyament emocional a l\u2019escola ajuda a cr\u00e9ixer amb confian\u00e7a i seguretat.","robots":{"index":"index","follow":"follow","max-snippet":"max-snippet:-1","max-image-preview":"max-image-preview:large","max-video-preview":"max-video-preview:-1"},"canonical":"https:\/\/arimunani.com\/ca\/el-far\/acompanyament-emocional-a-lescola\/","og_locale":"ca_ES","og_type":"article","og_title":"Acompanyament emocional a l\u2019escola: la hist\u00f2ria d\u2019en Nico | Arimunani","og_description":"La hist\u00f2ria d\u2019en Nico mostra com l\u2019acompanyament emocional a l\u2019escola ajuda a cr\u00e9ixer amb confian\u00e7a i seguretat.","og_url":"https:\/\/arimunani.com\/ca\/el-far\/acompanyament-emocional-a-lescola\/","og_site_name":"Arimunani \u00b7 Escola \u00b7 Colegio \u00b7 School","article_published_time":"2026-07-27T11:26:21+00:00","article_modified_time":"2026-08-10T15:09:51+00:00","og_image":[{"width":1675,"height":939,"url":"https:\/\/arimunani.com\/wp-content\/uploads\/2026\/07\/Acompanamiento-emocional-en-la-escuela-Historia-de-Nico-en-Arimunani-1.png","type":"image\/png"}],"author":"Carmen","twitter_card":"summary_large_image","twitter_misc":{"Escrit per":"Carmen","Temps estimat de lectura":"5 minuts"},"schema":{"@context":"https:\/\/schema.org","@graph":[{"@type":"Article","@id":"https:\/\/arimunani.com\/ca\/el-far\/acompanyament-emocional-a-lescola\/#article","isPartOf":{"@id":"https:\/\/arimunani.com\/ca\/el-far\/acompanyament-emocional-a-lescola\/"},"author":{"name":"Carmen","@id":"https:\/\/arimunani.com\/#\/schema\/person\/49955eb8cdbe32691bbeaba4bb64abc0"},"headline":"Acompanyament emocional a l\u2019escola","datePublished":"2026-07-27T11:26:21+00:00","dateModified":"2026-08-10T15:09:51+00:00","mainEntityOfPage":{"@id":"https:\/\/arimunani.com\/ca\/el-far\/acompanyament-emocional-a-lescola\/"},"wordCount":1006,"publisher":{"@id":"https:\/\/arimunani.com\/#organization"},"image":{"@id":"https:\/\/arimunani.com\/ca\/el-far\/acompanyament-emocional-a-lescola\/#primaryimage"},"thumbnailUrl":"https:\/\/arimunani.com\/wp-content\/uploads\/2026\/07\/Acompanamiento-emocional-en-la-escuela-Historia-de-Nico-en-Arimunani-1.png","keywords":["acompanyament emocional","escola respectuosa"],"articleSection":["El far"],"inLanguage":"ca"},{"@type":"WebPage","@id":"https:\/\/arimunani.com\/ca\/el-far\/acompanyament-emocional-a-lescola\/","url":"https:\/\/arimunani.com\/ca\/el-far\/acompanyament-emocional-a-lescola\/","name":"Acompanyament emocional a l\u2019escola: la hist\u00f2ria d\u2019en Nico | Arimunani","isPartOf":{"@id":"https:\/\/arimunani.com\/#website"},"primaryImageOfPage":{"@id":"https:\/\/arimunani.com\/ca\/el-far\/acompanyament-emocional-a-lescola\/#primaryimage"},"image":{"@id":"https:\/\/arimunani.com\/ca\/el-far\/acompanyament-emocional-a-lescola\/#primaryimage"},"thumbnailUrl":"https:\/\/arimunani.com\/wp-content\/uploads\/2026\/07\/Acompanamiento-emocional-en-la-escuela-Historia-de-Nico-en-Arimunani-1.png","datePublished":"2026-07-27T11:26:21+00:00","dateModified":"2026-08-10T15:09:51+00:00","description":"La hist\u00f2ria d\u2019en Nico mostra com l\u2019acompanyament emocional a l\u2019escola ajuda a cr\u00e9ixer amb confian\u00e7a i seguretat.","breadcrumb":{"@id":"https:\/\/arimunani.com\/ca\/el-far\/acompanyament-emocional-a-lescola\/#breadcrumb"},"inLanguage":"ca","potentialAction":[{"@type":"ReadAction","target":["https:\/\/arimunani.com\/ca\/el-far\/acompanyament-emocional-a-lescola\/"]}]},{"@type":"ImageObject","inLanguage":"ca","@id":"https:\/\/arimunani.com\/ca\/el-far\/acompanyament-emocional-a-lescola\/#primaryimage","url":"https:\/\/arimunani.com\/wp-content\/uploads\/2026\/07\/Acompanamiento-emocional-en-la-escuela-Historia-de-Nico-en-Arimunani-1.png","contentUrl":"https:\/\/arimunani.com\/wp-content\/uploads\/2026\/07\/Acompanamiento-emocional-en-la-escuela-Historia-de-Nico-en-Arimunani-1.png","width":1675,"height":939,"caption":"Acompa\u00f1amiento emocional en la escuela en Mallorca - escuela respetuosa"},{"@type":"BreadcrumbList","@id":"https:\/\/arimunani.com\/ca\/el-far\/acompanyament-emocional-a-lescola\/#breadcrumb","itemListElement":[{"@type":"ListItem","position":1,"name":"Portada","item":"https:\/\/arimunani.com\/ca\/"},{"@type":"ListItem","position":2,"name":"Acompanyament emocional a l\u2019escola"}]},{"@type":"WebSite","@id":"https:\/\/arimunani.com\/#website","url":"https:\/\/arimunani.com\/","name":"Arimunani \u00b7 Escola \u00b7 Colegio \u00b7 School","description":"Arimunani \u00e9s una escola que ofereix una formaci\u00f3 humana i no invasiva, que fomenta identificar i potenciar els talents de cada nin i cada nina.","publisher":{"@id":"https:\/\/arimunani.com\/#organization"},"potentialAction":[{"@type":"SearchAction","target":{"@type":"EntryPoint","urlTemplate":"https:\/\/arimunani.com\/?s={search_term_string}"},"query-input":{"@type":"PropertyValueSpecification","valueRequired":true,"valueName":"search_term_string"}}],"inLanguage":"ca"},{"@type":"Organization","@id":"https:\/\/arimunani.com\/#organization","name":"Arimunani \u00b7 Escola \u00b7 Colegio \u00b7 School","url":"https:\/\/arimunani.com\/","logo":{"@type":"ImageObject","inLanguage":"ca","@id":"https:\/\/arimunani.com\/#\/schema\/logo\/image\/","url":"https:\/\/arimunani.com\/wp-content\/uploads\/2024\/08\/logo-arimunani-little.png","contentUrl":"https:\/\/arimunani.com\/wp-content\/uploads\/2024\/08\/logo-arimunani-little.png","width":500,"height":203,"caption":"Arimunani \u00b7 Escola \u00b7 Colegio \u00b7 School"},"image":{"@id":"https:\/\/arimunani.com\/#\/schema\/logo\/image\/"}},{"@type":"Person","@id":"https:\/\/arimunani.com\/#\/schema\/person\/49955eb8cdbe32691bbeaba4bb64abc0","name":"Carmen","image":{"@type":"ImageObject","inLanguage":"ca","@id":"https:\/\/secure.gravatar.com\/avatar\/e2c95ed6c2437fbe9ffabf159e51d7955a66af8c71051ba654cefc0f7ea1755f?s=96&d=mm&r=g","url":"https:\/\/secure.gravatar.com\/avatar\/e2c95ed6c2437fbe9ffabf159e51d7955a66af8c71051ba654cefc0f7ea1755f?s=96&d=mm&r=g","contentUrl":"https:\/\/secure.gravatar.com\/avatar\/e2c95ed6c2437fbe9ffabf159e51d7955a66af8c71051ba654cefc0f7ea1755f?s=96&d=mm&r=g","caption":"Carmen"},"url":"https:\/\/arimunani.com\/ca\/author\/carmen\/"}]}},"_links":{"self":[{"href":"https:\/\/arimunani.com\/ca\/wp-json\/wp\/v2\/posts\/7575","targetHints":{"allow":["GET"]}}],"collection":[{"href":"https:\/\/arimunani.com\/ca\/wp-json\/wp\/v2\/posts"}],"about":[{"href":"https:\/\/arimunani.com\/ca\/wp-json\/wp\/v2\/types\/post"}],"author":[{"embeddable":true,"href":"https:\/\/arimunani.com\/ca\/wp-json\/wp\/v2\/users\/2"}],"replies":[{"embeddable":true,"href":"https:\/\/arimunani.com\/ca\/wp-json\/wp\/v2\/comments?post=7575"}],"version-history":[{"count":3,"href":"https:\/\/arimunani.com\/ca\/wp-json\/wp\/v2\/posts\/7575\/revisions"}],"predecessor-version":[{"id":7702,"href":"https:\/\/arimunani.com\/ca\/wp-json\/wp\/v2\/posts\/7575\/revisions\/7702"}],"wp:featuredmedia":[{"embeddable":true,"href":"https:\/\/arimunani.com\/ca\/wp-json\/wp\/v2\/media\/7510"}],"wp:attachment":[{"href":"https:\/\/arimunani.com\/ca\/wp-json\/wp\/v2\/media?parent=7575"}],"wp:term":[{"taxonomy":"category","embeddable":true,"href":"https:\/\/arimunani.com\/ca\/wp-json\/wp\/v2\/categories?post=7575"},{"taxonomy":"post_tag","embeddable":true,"href":"https:\/\/arimunani.com\/ca\/wp-json\/wp\/v2\/tags?post=7575"}],"curies":[{"name":"wp","href":"https:\/\/api.w.org\/{rel}","templated":true}]}}